{"id":11338,"date":"2017-06-26T18:52:13","date_gmt":"2017-06-26T17:52:13","guid":{"rendered":"http:\/\/www.obrallar.com\/transformem-i-conservem-el-patrimoni-arquitectonic-de-catalunya\/"},"modified":"2018-02-13T19:40:36","modified_gmt":"2018-02-13T17:40:36","slug":"transformamos-conservamos-patrimonio-arquitectonico-catalunya","status":"publish","type":"post","link":"https:\/\/www.obrallar.com\/es\/transformamos-conservamos-patrimonio-arquitectonico-catalunya\/","title":{"rendered":"Transformar y conservar el patrimonio arquitect\u00f3nico de catalu\u00f1a"},"content":{"rendered":"<style type=\"text\/css\"><\/style><p>Nuestro <strong>departamento t\u00e9cnico est\u00e1 proyectando la rehabilitaci\u00f3n de una mas\u00eda aislada anterior al siglo XVI<\/strong>, con un anexo del siglo XVII en forma de torre de planta cuadrada con cubierta a cuatro aguas, incluida en el <strong>Inventario del Patrimonio Arquitect\u00f3nico de Catalu\u00f1a.<\/strong><\/p>\n<p>Las obras <strong>adaptar\u00e1n la mas\u00eda actual destinada a cuidar ganado, a la nueva actividad que ser\u00e1 de oficinas<\/strong> para una empresa del Bages en expansi\u00f3n.<\/p>\n<p>El dise\u00f1o tanto interior como exterior conserva la esencia propia de estas antiguas construcciones, recuperando partes perdidas en el tiempo.<\/p>\n","protected":false},"excerpt":{"rendered":"<p>Nuestro departamento t\u00e9cnico est\u00e1 proyectando la rehabilitaci\u00f3n de una mas\u00eda aislada anterior al siglo XVI,  incluida en el Inventario del Patrimonio Arquitect\u00f3nico de Catalu\u00f1a.<\/p>\n","protected":false},"author":1,"featured_media":11573,"comment_status":"open","ping_status":"closed","sticky":false,"template":"","format":"standard","meta":{"footnotes":""},"categories":[35],"tags":[],"class_list":["post-11338","post","type-post","status-publish","format-standard","has-post-thumbnail","hentry","category-sin-categorizar"],"yoast_head":"<!-- This site is optimized with the Yoast SEO plugin v27.4 - https:\/\/yoast.com\/product\/yoast-seo-wordpress\/ -->\n<title>Transformamos y conservamos el patrimonio arquitect\u00f3nico de Catalunya - Obrallar<\/title>\n<meta name=\"description\" content=\"Nuestro departamento t\u00e9cnico est\u00e1 proyectando la rehabilitaci\u00f3n de una masia aislada anterior al siglo XVI.\" \/>\n<meta name=\"robots\" content=\"index, follow, max-snippet:-1, max-image-preview:large, max-video-preview:-1\" \/>\n<link rel=\"canonical\" href=\"https:\/\/www.obrallar.com\/es\/transformamos-conservamos-patrimonio-arquitectonico-catalunya\/\" \/>\n<meta property=\"og:locale\" content=\"es_ES\" \/>\n<meta property=\"og:type\" content=\"article\" \/>\n<meta property=\"og:title\" content=\"Transformamos y conservamos el patrimonio arquitect\u00f3nico de Catalunya - Obrallar\" \/>\n<meta property=\"og:description\" content=\"Nuestro departamento t\u00e9cnico est\u00e1 proyectando la rehabilitaci\u00f3n de una masia aislada anterior al siglo XVI.\" \/>\n<meta property=\"og:url\" content=\"https:\/\/www.obrallar.com\/es\/transformamos-conservamos-patrimonio-arquitectonico-catalunya\/\" \/>\n<meta property=\"og:site_name\" content=\"Obrallar\" \/>\n<meta property=\"article:published_time\" content=\"2017-06-26T17:52:13+00:00\" \/>\n<meta property=\"article:modified_time\" content=\"2018-02-13T17:40:36+00:00\" \/>\n<meta property=\"og:image\" content=\"https:\/\/www.obrallar.com\/wp-content\/uploads\/2017\/06\/masia_reforma3-e1517417218288.png\" \/>\n\t<meta property=\"og:image:width\" content=\"450\" \/>\n\t<meta property=\"og:image:height\" content=\"315\" \/>\n\t<meta property=\"og:image:type\" content=\"image\/png\" \/>\n<meta name=\"author\" content=\"admin-istrador\" \/>\n<meta name=\"twitter:card\" content=\"summary_large_image\" \/>\n<meta name=\"twitter:label1\" content=\"Escrito por\" \/>\n\t<meta name=\"twitter:data1\" content=\"admin-istrador\" \/>\n<script type=\"application\/ld+json\" class=\"yoast-schema-graph\">{\"@context\":\"https:\\\/\\\/schema.org\",\"@graph\":[{\"@type\":\"Article\",\"@id\":\"https:\\\/\\\/www.obrallar.com\\\/es\\\/transformamos-conservamos-patrimonio-arquitectonico-catalunya\\\/#article\",\"isPartOf\":{\"@id\":\"https:\\\/\\\/www.obrallar.com\\\/es\\\/transformamos-conservamos-patrimonio-arquitectonico-catalunya\\\/\"},\"author\":{\"name\":\"admin-istrador\",\"@id\":\"https:\\\/\\\/www.obrallar.com\\\/#\\\/schema\\\/person\\\/76418907a8219d13d190117c9c22e358\"},\"headline\":\"Transformar y conservar el patrimonio arquitect\u00f3nico de catalu\u00f1a\",\"datePublished\":\"2017-06-26T17:52:13+00:00\",\"dateModified\":\"2018-02-13T17:40:36+00:00\",\"mainEntityOfPage\":{\"@id\":\"https:\\\/\\\/www.obrallar.com\\\/es\\\/transformamos-conservamos-patrimonio-arquitectonico-catalunya\\\/\"},\"wordCount\":106,\"commentCount\":0,\"image\":{\"@id\":\"https:\\\/\\\/www.obrallar.com\\\/es\\\/transformamos-conservamos-patrimonio-arquitectonico-catalunya\\\/#primaryimage\"},\"thumbnailUrl\":\"https:\\\/\\\/www.obrallar.com\\\/wp-content\\\/uploads\\\/2017\\\/06\\\/masia_reforma3-e1517417218288.png\",\"articleSection\":[\"Sin categorizar\"],\"inLanguage\":\"es\",\"potentialAction\":[{\"@type\":\"CommentAction\",\"name\":\"Comment\",\"target\":[\"https:\\\/\\\/www.obrallar.com\\\/es\\\/transformamos-conservamos-patrimonio-arquitectonico-catalunya\\\/#respond\"]}]},{\"@type\":\"WebPage\",\"@id\":\"https:\\\/\\\/www.obrallar.com\\\/es\\\/transformamos-conservamos-patrimonio-arquitectonico-catalunya\\\/\",\"url\":\"https:\\\/\\\/www.obrallar.com\\\/es\\\/transformamos-conservamos-patrimonio-arquitectonico-catalunya\\\/\",\"name\":\"Transformamos y conservamos el patrimonio arquitect\u00f3nico de Catalunya - Obrallar\",\"isPartOf\":{\"@id\":\"https:\\\/\\\/www.obrallar.com\\\/#website\"},\"primaryImageOfPage\":{\"@id\":\"https:\\\/\\\/www.obrallar.com\\\/es\\\/transformamos-conservamos-patrimonio-arquitectonico-catalunya\\\/#primaryimage\"},\"image\":{\"@id\":\"https:\\\/\\\/www.obrallar.com\\\/es\\\/transformamos-conservamos-patrimonio-arquitectonico-catalunya\\\/#primaryimage\"},\"thumbnailUrl\":\"https:\\\/\\\/www.obrallar.com\\\/wp-content\\\/uploads\\\/2017\\\/06\\\/masia_reforma3-e1517417218288.png\",\"datePublished\":\"2017-06-26T17:52:13+00:00\",\"dateModified\":\"2018-02-13T17:40:36+00:00\",\"author\":{\"@id\":\"https:\\\/\\\/www.obrallar.com\\\/#\\\/schema\\\/person\\\/76418907a8219d13d190117c9c22e358\"},\"description\":\"Nuestro departamento t\u00e9cnico est\u00e1 proyectando la rehabilitaci\u00f3n de una masia aislada anterior al siglo XVI.\",\"breadcrumb\":{\"@id\":\"https:\\\/\\\/www.obrallar.com\\\/es\\\/transformamos-conservamos-patrimonio-arquitectonico-catalunya\\\/#breadcrumb\"},\"inLanguage\":\"es\",\"potentialAction\":[{\"@type\":\"ReadAction\",\"target\":[\"https:\\\/\\\/www.obrallar.com\\\/es\\\/transformamos-conservamos-patrimonio-arquitectonico-catalunya\\\/\"]}]},{\"@type\":\"ImageObject\",\"inLanguage\":\"es\",\"@id\":\"https:\\\/\\\/www.obrallar.com\\\/es\\\/transformamos-conservamos-patrimonio-arquitectonico-catalunya\\\/#primaryimage\",\"url\":\"https:\\\/\\\/www.obrallar.com\\\/wp-content\\\/uploads\\\/2017\\\/06\\\/masia_reforma3-e1517417218288.png\",\"contentUrl\":\"https:\\\/\\\/www.obrallar.com\\\/wp-content\\\/uploads\\\/2017\\\/06\\\/masia_reforma3-e1517417218288.png\",\"width\":450,\"height\":315},{\"@type\":\"BreadcrumbList\",\"@id\":\"https:\\\/\\\/www.obrallar.com\\\/es\\\/transformamos-conservamos-patrimonio-arquitectonico-catalunya\\\/#breadcrumb\",\"itemListElement\":[{\"@type\":\"ListItem\",\"position\":1,\"name\":\"Inici\",\"item\":\"https:\\\/\\\/www.obrallar.com\\\/es\\\/\"},{\"@type\":\"ListItem\",\"position\":2,\"name\":\"Transformar y conservar el patrimonio arquitect\u00f3nico de catalu\u00f1a\"}]},{\"@type\":\"WebSite\",\"@id\":\"https:\\\/\\\/www.obrallar.com\\\/#website\",\"url\":\"https:\\\/\\\/www.obrallar.com\\\/\",\"name\":\"Obrallar\",\"description\":\"Serveis de reforma\",\"potentialAction\":[{\"@type\":\"SearchAction\",\"target\":{\"@type\":\"EntryPoint\",\"urlTemplate\":\"https:\\\/\\\/www.obrallar.com\\\/?s={search_term_string}\"},\"query-input\":{\"@type\":\"PropertyValueSpecification\",\"valueRequired\":true,\"valueName\":\"search_term_string\"}}],\"inLanguage\":\"es\"},{\"@type\":\"Person\",\"@id\":\"https:\\\/\\\/www.obrallar.com\\\/#\\\/schema\\\/person\\\/76418907a8219d13d190117c9c22e358\",\"name\":\"admin-istrador\",\"image\":{\"@type\":\"ImageObject\",\"inLanguage\":\"es\",\"@id\":\"https:\\\/\\\/secure.gravatar.com\\\/avatar\\\/8cf98cce3638b9b2fae9ce6aa9043d2ff18ef0efe62da356dd99827988edd2cd?s=96&d=mm&r=g\",\"url\":\"https:\\\/\\\/secure.gravatar.com\\\/avatar\\\/8cf98cce3638b9b2fae9ce6aa9043d2ff18ef0efe62da356dd99827988edd2cd?s=96&d=mm&r=g\",\"contentUrl\":\"https:\\\/\\\/secure.gravatar.com\\\/avatar\\\/8cf98cce3638b9b2fae9ce6aa9043d2ff18ef0efe62da356dd99827988edd2cd?s=96&d=mm&r=g\",\"caption\":\"admin-istrador\"}}]}<\/script>\n<!-- \/ Yoast SEO plugin. -->","yoast_head_json":{"title":"Transformamos y conservamos el patrimonio arquitect\u00f3nico de Catalunya - Obrallar","description":"Nuestro departamento t\u00e9cnico est\u00e1 proyectando la rehabilitaci\u00f3n de una masia aislada anterior al siglo XVI.","robots":{"index":"index","follow":"follow","max-snippet":"max-snippet:-1","max-image-preview":"max-image-preview:large","max-video-preview":"max-video-preview:-1"},"canonical":"https:\/\/www.obrallar.com\/es\/transformamos-conservamos-patrimonio-arquitectonico-catalunya\/","og_locale":"es_ES","og_type":"article","og_title":"Transformamos y conservamos el patrimonio arquitect\u00f3nico de Catalunya - Obrallar","og_description":"Nuestro departamento t\u00e9cnico est\u00e1 proyectando la rehabilitaci\u00f3n de una masia aislada anterior al siglo XVI.","og_url":"https:\/\/www.obrallar.com\/es\/transformamos-conservamos-patrimonio-arquitectonico-catalunya\/","og_site_name":"Obrallar","article_published_time":"2017-06-26T17:52:13+00:00","article_modified_time":"2018-02-13T17:40:36+00:00","og_image":[{"width":450,"height":315,"url":"https:\/\/www.obrallar.com\/wp-content\/uploads\/2017\/06\/masia_reforma3-e1517417218288.png","type":"image\/png"}],"author":"admin-istrador","twitter_card":"summary_large_image","twitter_misc":{"Escrito por":"admin-istrador"},"schema":{"@context":"https:\/\/schema.org","@graph":[{"@type":"Article","@id":"https:\/\/www.obrallar.com\/es\/transformamos-conservamos-patrimonio-arquitectonico-catalunya\/#article","isPartOf":{"@id":"https:\/\/www.obrallar.com\/es\/transformamos-conservamos-patrimonio-arquitectonico-catalunya\/"},"author":{"name":"admin-istrador","@id":"https:\/\/www.obrallar.com\/#\/schema\/person\/76418907a8219d13d190117c9c22e358"},"headline":"Transformar y conservar el patrimonio arquitect\u00f3nico de catalu\u00f1a","datePublished":"2017-06-26T17:52:13+00:00","dateModified":"2018-02-13T17:40:36+00:00","mainEntityOfPage":{"@id":"https:\/\/www.obrallar.com\/es\/transformamos-conservamos-patrimonio-arquitectonico-catalunya\/"},"wordCount":106,"commentCount":0,"image":{"@id":"https:\/\/www.obrallar.com\/es\/transformamos-conservamos-patrimonio-arquitectonico-catalunya\/#primaryimage"},"thumbnailUrl":"https:\/\/www.obrallar.com\/wp-content\/uploads\/2017\/06\/masia_reforma3-e1517417218288.png","articleSection":["Sin categorizar"],"inLanguage":"es","potentialAction":[{"@type":"CommentAction","name":"Comment","target":["https:\/\/www.obrallar.com\/es\/transformamos-conservamos-patrimonio-arquitectonico-catalunya\/#respond"]}]},{"@type":"WebPage","@id":"https:\/\/www.obrallar.com\/es\/transformamos-conservamos-patrimonio-arquitectonico-catalunya\/","url":"https:\/\/www.obrallar.com\/es\/transformamos-conservamos-patrimonio-arquitectonico-catalunya\/","name":"Transformamos y conservamos el patrimonio arquitect\u00f3nico de Catalunya - Obrallar","isPartOf":{"@id":"https:\/\/www.obrallar.com\/#website"},"primaryImageOfPage":{"@id":"https:\/\/www.obrallar.com\/es\/transformamos-conservamos-patrimonio-arquitectonico-catalunya\/#primaryimage"},"image":{"@id":"https:\/\/www.obrallar.com\/es\/transformamos-conservamos-patrimonio-arquitectonico-catalunya\/#primaryimage"},"thumbnailUrl":"https:\/\/www.obrallar.com\/wp-content\/uploads\/2017\/06\/masia_reforma3-e1517417218288.png","datePublished":"2017-06-26T17:52:13+00:00","dateModified":"2018-02-13T17:40:36+00:00","author":{"@id":"https:\/\/www.obrallar.com\/#\/schema\/person\/76418907a8219d13d190117c9c22e358"},"description":"Nuestro departamento t\u00e9cnico est\u00e1 proyectando la rehabilitaci\u00f3n de una masia aislada anterior al siglo XVI.","breadcrumb":{"@id":"https:\/\/www.obrallar.com\/es\/transformamos-conservamos-patrimonio-arquitectonico-catalunya\/#breadcrumb"},"inLanguage":"es","potentialAction":[{"@type":"ReadAction","target":["https:\/\/www.obrallar.com\/es\/transformamos-conservamos-patrimonio-arquitectonico-catalunya\/"]}]},{"@type":"ImageObject","inLanguage":"es","@id":"https:\/\/www.obrallar.com\/es\/transformamos-conservamos-patrimonio-arquitectonico-catalunya\/#primaryimage","url":"https:\/\/www.obrallar.com\/wp-content\/uploads\/2017\/06\/masia_reforma3-e1517417218288.png","contentUrl":"https:\/\/www.obrallar.com\/wp-content\/uploads\/2017\/06\/masia_reforma3-e1517417218288.png","width":450,"height":315},{"@type":"BreadcrumbList","@id":"https:\/\/www.obrallar.com\/es\/transformamos-conservamos-patrimonio-arquitectonico-catalunya\/#breadcrumb","itemListElement":[{"@type":"ListItem","position":1,"name":"Inici","item":"https:\/\/www.obrallar.com\/es\/"},{"@type":"ListItem","position":2,"name":"Transformar y conservar el patrimonio arquitect\u00f3nico de catalu\u00f1a"}]},{"@type":"WebSite","@id":"https:\/\/www.obrallar.com\/#website","url":"https:\/\/www.obrallar.com\/","name":"Obrallar","description":"Serveis de reforma","potentialAction":[{"@type":"SearchAction","target":{"@type":"EntryPoint","urlTemplate":"https:\/\/www.obrallar.com\/?s={search_term_string}"},"query-input":{"@type":"PropertyValueSpecification","valueRequired":true,"valueName":"search_term_string"}}],"inLanguage":"es"},{"@type":"Person","@id":"https:\/\/www.obrallar.com\/#\/schema\/person\/76418907a8219d13d190117c9c22e358","name":"admin-istrador","image":{"@type":"ImageObject","inLanguage":"es","@id":"https:\/\/secure.gravatar.com\/avatar\/8cf98cce3638b9b2fae9ce6aa9043d2ff18ef0efe62da356dd99827988edd2cd?s=96&d=mm&r=g","url":"https:\/\/secure.gravatar.com\/avatar\/8cf98cce3638b9b2fae9ce6aa9043d2ff18ef0efe62da356dd99827988edd2cd?s=96&d=mm&r=g","contentUrl":"https:\/\/secure.gravatar.com\/avatar\/8cf98cce3638b9b2fae9ce6aa9043d2ff18ef0efe62da356dd99827988edd2cd?s=96&d=mm&r=g","caption":"admin-istrador"}}]}},"_links":{"self":[{"href":"https:\/\/www.obrallar.com\/es\/wp-json\/wp\/v2\/posts\/11338","targetHints":{"allow":["GET"]}}],"collection":[{"href":"https:\/\/www.obrallar.com\/es\/wp-json\/wp\/v2\/posts"}],"about":[{"href":"https:\/\/www.obrallar.com\/es\/wp-json\/wp\/v2\/types\/post"}],"author":[{"embeddable":true,"href":"https:\/\/www.obrallar.com\/es\/wp-json\/wp\/v2\/users\/1"}],"replies":[{"embeddable":true,"href":"https:\/\/www.obrallar.com\/es\/wp-json\/wp\/v2\/comments?post=11338"}],"version-history":[{"count":3,"href":"https:\/\/www.obrallar.com\/es\/wp-json\/wp\/v2\/posts\/11338\/revisions"}],"predecessor-version":[{"id":11470,"href":"https:\/\/www.obrallar.com\/es\/wp-json\/wp\/v2\/posts\/11338\/revisions\/11470"}],"wp:featuredmedia":[{"embeddable":true,"href":"https:\/\/www.obrallar.com\/es\/wp-json\/wp\/v2\/media\/11573"}],"wp:attachment":[{"href":"https:\/\/www.obrallar.com\/es\/wp-json\/wp\/v2\/media?parent=11338"}],"wp:term":[{"taxonomy":"category","embeddable":true,"href":"https:\/\/www.obrallar.com\/es\/wp-json\/wp\/v2\/categories?post=11338"},{"taxonomy":"post_tag","embeddable":true,"href":"https:\/\/www.obrallar.com\/es\/wp-json\/wp\/v2\/tags?post=11338"}],"curies":[{"name":"wp","href":"https:\/\/api.w.org\/{rel}","templated":true}]}}