{"id":11343,"date":"2017-06-26T18:41:35","date_gmt":"2017-06-26T17:41:35","guid":{"rendered":"http:\/\/www.obrallar.com\/problemes-de-reverberacio-en-un-espai\/"},"modified":"2017-11-22T12:50:52","modified_gmt":"2017-11-22T10:50:52","slug":"problemas-reverberacion-espacios","status":"publish","type":"post","link":"https:\/\/www.obrallar.com\/es\/problemas-reverberacion-espacios\/","title":{"rendered":"\u00bfProblemas de reverberaci\u00f3n en un espacio?"},"content":{"rendered":"<style type=\"text\/css\"><\/style><p>Este mes de junio, Obrallar ha comenzado las obras de adecuaci\u00f3n de un nuevo local en el<strong> Edificio Impuls de Manresa<\/strong>.<\/p>\n<p>Este nuevo espacio estar\u00e1 dividido en una<strong> sala grande y di\u00e1fana, una sala de juntas y una sala de reuniones<\/strong>, todo integrado con un car\u00e1cter totalmente personalizado.<\/p>\n<p>Cuando se adquiri\u00f3 el local se detect\u00f3 un handicap muy importante, la <strong>reverberaci\u00f3n<\/strong>, es por eso que se hizo un <strong>estudio ac\u00fastico para poder mejorar este aspecto tan importante.<\/strong><\/p>\n<p>Para solucionar este inconveniente, se ha optado por colocar un falso techo con placas Celenit. Estos paneles naturales ac\u00fasticos, de madera de abeto, con cemento Portland blanco, son un elemento f\u00e1cil de instalar y manipular, y a la vez tienen un car\u00e1cter decorativo.<\/p>\n<p>Os dejamos un link donde se puede encontrar m\u00e1s informaci\u00f3n: <a href=\"http:\/\/www.maydisa.com\/es\/producto\/celenit-ab\" target=\"_blank\" rel=\"noopener noreferrer\">http:\/\/www.maydisa.com\/es\/producto\/celenit-ab<\/a><\/p>\n","protected":false},"excerpt":{"rendered":"<p>Este mes de junio, Obrallar ha comenzado las obras de adecuaci\u00f3n de un nuevo local en el Edificio Impuls de Manresa.<br \/>\nEste nuevo espacio estar\u00e1 dividido en una sala grande y di\u00e1fana, una sala de juntas y una sala de reuniones, todo integrado con un car\u00e1cter totalmente personalizado.<\/p>\n","protected":false},"author":1,"featured_media":11107,"comment_status":"open","ping_status":"closed","sticky":false,"template":"","format":"standard","meta":{"footnotes":""},"categories":[35],"tags":[],"class_list":["post-11343","post","type-post","status-publish","format-standard","has-post-thumbnail","hentry","category-sin-categorizar"],"yoast_head":"<!-- This site is optimized with the Yoast SEO plugin v27.4 - https:\/\/yoast.com\/product\/yoast-seo-wordpress\/ -->\n<title>Problemas de reverberaci\u00f3n en un espacio - Obrallar<\/title>\n<meta name=\"description\" content=\"Obras de adecuaci\u00f3n de un nuevo local en el Edificio Impuls que se ha optado por colocar un falso techo con placas celenit para evitar reverberaci\u00f3n.\" \/>\n<meta name=\"robots\" content=\"index, follow, max-snippet:-1, max-image-preview:large, max-video-preview:-1\" \/>\n<link rel=\"canonical\" href=\"https:\/\/www.obrallar.com\/es\/problemas-reverberacion-espacios\/\" \/>\n<meta property=\"og:locale\" content=\"es_ES\" \/>\n<meta property=\"og:type\" content=\"article\" \/>\n<meta property=\"og:title\" content=\"Problemas de reverberaci\u00f3n en un espacio - Obrallar\" \/>\n<meta property=\"og:description\" content=\"Obras de adecuaci\u00f3n de un nuevo local en el Edificio Impuls que se ha optado por colocar un falso techo con placas celenit para evitar reverberaci\u00f3n.\" \/>\n<meta property=\"og:url\" content=\"https:\/\/www.obrallar.com\/es\/problemas-reverberacion-espacios\/\" \/>\n<meta property=\"og:site_name\" content=\"Obrallar\" \/>\n<meta property=\"article:published_time\" content=\"2017-06-26T17:41:35+00:00\" \/>\n<meta property=\"article:modified_time\" content=\"2017-11-22T10:50:52+00:00\" \/>\n<meta property=\"og:image\" content=\"https:\/\/www.obrallar.com\/wp-content\/uploads\/2017\/06\/reverberacio.png\" \/>\n\t<meta property=\"og:image:width\" content=\"451\" \/>\n\t<meta property=\"og:image:height\" content=\"246\" \/>\n\t<meta property=\"og:image:type\" content=\"image\/png\" \/>\n<meta name=\"author\" content=\"admin-istrador\" \/>\n<meta name=\"twitter:card\" content=\"summary_large_image\" \/>\n<meta name=\"twitter:label1\" content=\"Escrito por\" \/>\n\t<meta name=\"twitter:data1\" content=\"admin-istrador\" \/>\n\t<meta name=\"twitter:label2\" content=\"Tiempo de lectura\" \/>\n\t<meta name=\"twitter:data2\" content=\"1 minuto\" \/>\n<script type=\"application\/ld+json\" class=\"yoast-schema-graph\">{\"@context\":\"https:\\\/\\\/schema.org\",\"@graph\":[{\"@type\":\"Article\",\"@id\":\"https:\\\/\\\/www.obrallar.com\\\/es\\\/problemas-reverberacion-espacios\\\/#article\",\"isPartOf\":{\"@id\":\"https:\\\/\\\/www.obrallar.com\\\/es\\\/problemas-reverberacion-espacios\\\/\"},\"author\":{\"name\":\"admin-istrador\",\"@id\":\"https:\\\/\\\/www.obrallar.com\\\/#\\\/schema\\\/person\\\/76418907a8219d13d190117c9c22e358\"},\"headline\":\"\u00bfProblemas de reverberaci\u00f3n en un espacio?\",\"datePublished\":\"2017-06-26T17:41:35+00:00\",\"dateModified\":\"2017-11-22T10:50:52+00:00\",\"mainEntityOfPage\":{\"@id\":\"https:\\\/\\\/www.obrallar.com\\\/es\\\/problemas-reverberacion-espacios\\\/\"},\"wordCount\":154,\"commentCount\":0,\"image\":{\"@id\":\"https:\\\/\\\/www.obrallar.com\\\/es\\\/problemas-reverberacion-espacios\\\/#primaryimage\"},\"thumbnailUrl\":\"https:\\\/\\\/www.obrallar.com\\\/wp-content\\\/uploads\\\/2017\\\/06\\\/reverberacio.png\",\"articleSection\":[\"Sin categorizar\"],\"inLanguage\":\"es\",\"potentialAction\":[{\"@type\":\"CommentAction\",\"name\":\"Comment\",\"target\":[\"https:\\\/\\\/www.obrallar.com\\\/es\\\/problemas-reverberacion-espacios\\\/#respond\"]}]},{\"@type\":\"WebPage\",\"@id\":\"https:\\\/\\\/www.obrallar.com\\\/es\\\/problemas-reverberacion-espacios\\\/\",\"url\":\"https:\\\/\\\/www.obrallar.com\\\/es\\\/problemas-reverberacion-espacios\\\/\",\"name\":\"Problemas de reverberaci\u00f3n en un espacio - Obrallar\",\"isPartOf\":{\"@id\":\"https:\\\/\\\/www.obrallar.com\\\/#website\"},\"primaryImageOfPage\":{\"@id\":\"https:\\\/\\\/www.obrallar.com\\\/es\\\/problemas-reverberacion-espacios\\\/#primaryimage\"},\"image\":{\"@id\":\"https:\\\/\\\/www.obrallar.com\\\/es\\\/problemas-reverberacion-espacios\\\/#primaryimage\"},\"thumbnailUrl\":\"https:\\\/\\\/www.obrallar.com\\\/wp-content\\\/uploads\\\/2017\\\/06\\\/reverberacio.png\",\"datePublished\":\"2017-06-26T17:41:35+00:00\",\"dateModified\":\"2017-11-22T10:50:52+00:00\",\"author\":{\"@id\":\"https:\\\/\\\/www.obrallar.com\\\/#\\\/schema\\\/person\\\/76418907a8219d13d190117c9c22e358\"},\"description\":\"Obras de adecuaci\u00f3n de un nuevo local en el Edificio Impuls que se ha optado por colocar un falso techo con placas celenit para evitar reverberaci\u00f3n.\",\"breadcrumb\":{\"@id\":\"https:\\\/\\\/www.obrallar.com\\\/es\\\/problemas-reverberacion-espacios\\\/#breadcrumb\"},\"inLanguage\":\"es\",\"potentialAction\":[{\"@type\":\"ReadAction\",\"target\":[\"https:\\\/\\\/www.obrallar.com\\\/es\\\/problemas-reverberacion-espacios\\\/\"]}]},{\"@type\":\"ImageObject\",\"inLanguage\":\"es\",\"@id\":\"https:\\\/\\\/www.obrallar.com\\\/es\\\/problemas-reverberacion-espacios\\\/#primaryimage\",\"url\":\"https:\\\/\\\/www.obrallar.com\\\/wp-content\\\/uploads\\\/2017\\\/06\\\/reverberacio.png\",\"contentUrl\":\"https:\\\/\\\/www.obrallar.com\\\/wp-content\\\/uploads\\\/2017\\\/06\\\/reverberacio.png\",\"width\":451,\"height\":246,\"caption\":\"Problemes reverberaci\u00f3 espai - Obrallar\"},{\"@type\":\"BreadcrumbList\",\"@id\":\"https:\\\/\\\/www.obrallar.com\\\/es\\\/problemas-reverberacion-espacios\\\/#breadcrumb\",\"itemListElement\":[{\"@type\":\"ListItem\",\"position\":1,\"name\":\"Inici\",\"item\":\"https:\\\/\\\/www.obrallar.com\\\/es\\\/\"},{\"@type\":\"ListItem\",\"position\":2,\"name\":\"\u00bfProblemas de reverberaci\u00f3n en un espacio?\"}]},{\"@type\":\"WebSite\",\"@id\":\"https:\\\/\\\/www.obrallar.com\\\/#website\",\"url\":\"https:\\\/\\\/www.obrallar.com\\\/\",\"name\":\"Obrallar\",\"description\":\"Serveis de reforma\",\"potentialAction\":[{\"@type\":\"SearchAction\",\"target\":{\"@type\":\"EntryPoint\",\"urlTemplate\":\"https:\\\/\\\/www.obrallar.com\\\/?s={search_term_string}\"},\"query-input\":{\"@type\":\"PropertyValueSpecification\",\"valueRequired\":true,\"valueName\":\"search_term_string\"}}],\"inLanguage\":\"es\"},{\"@type\":\"Person\",\"@id\":\"https:\\\/\\\/www.obrallar.com\\\/#\\\/schema\\\/person\\\/76418907a8219d13d190117c9c22e358\",\"name\":\"admin-istrador\",\"image\":{\"@type\":\"ImageObject\",\"inLanguage\":\"es\",\"@id\":\"https:\\\/\\\/secure.gravatar.com\\\/avatar\\\/8cf98cce3638b9b2fae9ce6aa9043d2ff18ef0efe62da356dd99827988edd2cd?s=96&d=mm&r=g\",\"url\":\"https:\\\/\\\/secure.gravatar.com\\\/avatar\\\/8cf98cce3638b9b2fae9ce6aa9043d2ff18ef0efe62da356dd99827988edd2cd?s=96&d=mm&r=g\",\"contentUrl\":\"https:\\\/\\\/secure.gravatar.com\\\/avatar\\\/8cf98cce3638b9b2fae9ce6aa9043d2ff18ef0efe62da356dd99827988edd2cd?s=96&d=mm&r=g\",\"caption\":\"admin-istrador\"}}]}<\/script>\n<!-- \/ Yoast SEO plugin. -->","yoast_head_json":{"title":"Problemas de reverberaci\u00f3n en un espacio - Obrallar","description":"Obras de adecuaci\u00f3n de un nuevo local en el Edificio Impuls que se ha optado por colocar un falso techo con placas celenit para evitar reverberaci\u00f3n.","robots":{"index":"index","follow":"follow","max-snippet":"max-snippet:-1","max-image-preview":"max-image-preview:large","max-video-preview":"max-video-preview:-1"},"canonical":"https:\/\/www.obrallar.com\/es\/problemas-reverberacion-espacios\/","og_locale":"es_ES","og_type":"article","og_title":"Problemas de reverberaci\u00f3n en un espacio - Obrallar","og_description":"Obras de adecuaci\u00f3n de un nuevo local en el Edificio Impuls que se ha optado por colocar un falso techo con placas celenit para evitar reverberaci\u00f3n.","og_url":"https:\/\/www.obrallar.com\/es\/problemas-reverberacion-espacios\/","og_site_name":"Obrallar","article_published_time":"2017-06-26T17:41:35+00:00","article_modified_time":"2017-11-22T10:50:52+00:00","og_image":[{"width":451,"height":246,"url":"https:\/\/www.obrallar.com\/wp-content\/uploads\/2017\/06\/reverberacio.png","type":"image\/png"}],"author":"admin-istrador","twitter_card":"summary_large_image","twitter_misc":{"Escrito por":"admin-istrador","Tiempo de lectura":"1 minuto"},"schema":{"@context":"https:\/\/schema.org","@graph":[{"@type":"Article","@id":"https:\/\/www.obrallar.com\/es\/problemas-reverberacion-espacios\/#article","isPartOf":{"@id":"https:\/\/www.obrallar.com\/es\/problemas-reverberacion-espacios\/"},"author":{"name":"admin-istrador","@id":"https:\/\/www.obrallar.com\/#\/schema\/person\/76418907a8219d13d190117c9c22e358"},"headline":"\u00bfProblemas de reverberaci\u00f3n en un espacio?","datePublished":"2017-06-26T17:41:35+00:00","dateModified":"2017-11-22T10:50:52+00:00","mainEntityOfPage":{"@id":"https:\/\/www.obrallar.com\/es\/problemas-reverberacion-espacios\/"},"wordCount":154,"commentCount":0,"image":{"@id":"https:\/\/www.obrallar.com\/es\/problemas-reverberacion-espacios\/#primaryimage"},"thumbnailUrl":"https:\/\/www.obrallar.com\/wp-content\/uploads\/2017\/06\/reverberacio.png","articleSection":["Sin categorizar"],"inLanguage":"es","potentialAction":[{"@type":"CommentAction","name":"Comment","target":["https:\/\/www.obrallar.com\/es\/problemas-reverberacion-espacios\/#respond"]}]},{"@type":"WebPage","@id":"https:\/\/www.obrallar.com\/es\/problemas-reverberacion-espacios\/","url":"https:\/\/www.obrallar.com\/es\/problemas-reverberacion-espacios\/","name":"Problemas de reverberaci\u00f3n en un espacio - Obrallar","isPartOf":{"@id":"https:\/\/www.obrallar.com\/#website"},"primaryImageOfPage":{"@id":"https:\/\/www.obrallar.com\/es\/problemas-reverberacion-espacios\/#primaryimage"},"image":{"@id":"https:\/\/www.obrallar.com\/es\/problemas-reverberacion-espacios\/#primaryimage"},"thumbnailUrl":"https:\/\/www.obrallar.com\/wp-content\/uploads\/2017\/06\/reverberacio.png","datePublished":"2017-06-26T17:41:35+00:00","dateModified":"2017-11-22T10:50:52+00:00","author":{"@id":"https:\/\/www.obrallar.com\/#\/schema\/person\/76418907a8219d13d190117c9c22e358"},"description":"Obras de adecuaci\u00f3n de un nuevo local en el Edificio Impuls que se ha optado por colocar un falso techo con placas celenit para evitar reverberaci\u00f3n.","breadcrumb":{"@id":"https:\/\/www.obrallar.com\/es\/problemas-reverberacion-espacios\/#breadcrumb"},"inLanguage":"es","potentialAction":[{"@type":"ReadAction","target":["https:\/\/www.obrallar.com\/es\/problemas-reverberacion-espacios\/"]}]},{"@type":"ImageObject","inLanguage":"es","@id":"https:\/\/www.obrallar.com\/es\/problemas-reverberacion-espacios\/#primaryimage","url":"https:\/\/www.obrallar.com\/wp-content\/uploads\/2017\/06\/reverberacio.png","contentUrl":"https:\/\/www.obrallar.com\/wp-content\/uploads\/2017\/06\/reverberacio.png","width":451,"height":246,"caption":"Problemes reverberaci\u00f3 espai - Obrallar"},{"@type":"BreadcrumbList","@id":"https:\/\/www.obrallar.com\/es\/problemas-reverberacion-espacios\/#breadcrumb","itemListElement":[{"@type":"ListItem","position":1,"name":"Inici","item":"https:\/\/www.obrallar.com\/es\/"},{"@type":"ListItem","position":2,"name":"\u00bfProblemas de reverberaci\u00f3n en un espacio?"}]},{"@type":"WebSite","@id":"https:\/\/www.obrallar.com\/#website","url":"https:\/\/www.obrallar.com\/","name":"Obrallar","description":"Serveis de reforma","potentialAction":[{"@type":"SearchAction","target":{"@type":"EntryPoint","urlTemplate":"https:\/\/www.obrallar.com\/?s={search_term_string}"},"query-input":{"@type":"PropertyValueSpecification","valueRequired":true,"valueName":"search_term_string"}}],"inLanguage":"es"},{"@type":"Person","@id":"https:\/\/www.obrallar.com\/#\/schema\/person\/76418907a8219d13d190117c9c22e358","name":"admin-istrador","image":{"@type":"ImageObject","inLanguage":"es","@id":"https:\/\/secure.gravatar.com\/avatar\/8cf98cce3638b9b2fae9ce6aa9043d2ff18ef0efe62da356dd99827988edd2cd?s=96&d=mm&r=g","url":"https:\/\/secure.gravatar.com\/avatar\/8cf98cce3638b9b2fae9ce6aa9043d2ff18ef0efe62da356dd99827988edd2cd?s=96&d=mm&r=g","contentUrl":"https:\/\/secure.gravatar.com\/avatar\/8cf98cce3638b9b2fae9ce6aa9043d2ff18ef0efe62da356dd99827988edd2cd?s=96&d=mm&r=g","caption":"admin-istrador"}}]}},"_links":{"self":[{"href":"https:\/\/www.obrallar.com\/es\/wp-json\/wp\/v2\/posts\/11343","targetHints":{"allow":["GET"]}}],"collection":[{"href":"https:\/\/www.obrallar.com\/es\/wp-json\/wp\/v2\/posts"}],"about":[{"href":"https:\/\/www.obrallar.com\/es\/wp-json\/wp\/v2\/types\/post"}],"author":[{"embeddable":true,"href":"https:\/\/www.obrallar.com\/es\/wp-json\/wp\/v2\/users\/1"}],"replies":[{"embeddable":true,"href":"https:\/\/www.obrallar.com\/es\/wp-json\/wp\/v2\/comments?post=11343"}],"version-history":[{"count":3,"href":"https:\/\/www.obrallar.com\/es\/wp-json\/wp\/v2\/posts\/11343\/revisions"}],"predecessor-version":[{"id":11472,"href":"https:\/\/www.obrallar.com\/es\/wp-json\/wp\/v2\/posts\/11343\/revisions\/11472"}],"wp:featuredmedia":[{"embeddable":true,"href":"https:\/\/www.obrallar.com\/es\/wp-json\/wp\/v2\/media\/11107"}],"wp:attachment":[{"href":"https:\/\/www.obrallar.com\/es\/wp-json\/wp\/v2\/media?parent=11343"}],"wp:term":[{"taxonomy":"category","embeddable":true,"href":"https:\/\/www.obrallar.com\/es\/wp-json\/wp\/v2\/categories?post=11343"},{"taxonomy":"post_tag","embeddable":true,"href":"https:\/\/www.obrallar.com\/es\/wp-json\/wp\/v2\/tags?post=11343"}],"curies":[{"name":"wp","href":"https:\/\/api.w.org\/{rel}","templated":true}]}}